{"id":158,"date":"2025-01-20T21:28:00","date_gmt":"2025-01-20T21:28:00","guid":{"rendered":"https:\/\/humanvet.de\/index.php\/2025\/01\/20\/sample-post-1\/"},"modified":"2025-10-25T13:35:45","modified_gmt":"2025-10-25T12:35:45","slug":"erfahrungsberichtpferdsaba","status":"publish","type":"post","link":"https:\/\/www.humanvet.de\/index.php\/2025\/01\/20\/erfahrungsberichtpferdsaba\/","title":{"rendered":"Erfahrungsbericht: Pferd Saba"},"content":{"rendered":"\t\t<div data-elementor-type=\"wp-post\" data-elementor-id=\"158\" class=\"elementor elementor-158\">\n\t\t\t\t<div class=\"elementor-element elementor-element-fdb41e5 e-flex e-con-boxed e-con e-parent\" data-id=\"fdb41e5\" data-element_type=\"container\" data-e-type=\"container\">\n\t\t\t\t\t<div class=\"e-con-inner\">\n\t\t\t\t<div class=\"elementor-element elementor-element-2716e8c elementor-icon-list--layout-traditional elementor-list-item-link-full_width elementor-widget elementor-widget-icon-list\" data-id=\"2716e8c\" data-element_type=\"widget\" data-e-type=\"widget\" data-widget_type=\"icon-list.default\">\n\t\t\t\t<div class=\"elementor-widget-container\">\n\t\t\t\t\t\t\t<ul class=\"elementor-icon-list-items\">\n\t\t\t\t\t\t\t<li class=\"elementor-icon-list-item\">\n\t\t\t\t\t\t\t\t\t\t<span class=\"elementor-icon-list-text\"><\/span>\n\t\t\t\t\t\t\t\t\t<\/li>\n\t\t\t\t\t\t<\/ul>\n\t\t\t\t\t\t<\/div>\n\t\t\t\t<\/div>\n\t\t<div class=\"elementor-element elementor-element-0927648 e-con-full e-flex e-con e-child\" data-id=\"0927648\" data-element_type=\"container\" data-e-type=\"container\">\n\t\t\t\t<div class=\"elementor-element elementor-element-2775897 elementor-widget elementor-widget-text-editor\" data-id=\"2775897\" data-element_type=\"widget\" data-e-type=\"widget\" data-widget_type=\"text-editor.default\">\n\t\t\t\t<div class=\"elementor-widget-container\">\n\t\t\t\t\t\t\t\t\t<h4><strong>Ein Sommerexzem stellt f\u00fcr betroffene Pferde eine enorme Belastung dar. Juckreiz, entz\u00fcndete Haut und st\u00e4ndiges Scheuern mindern nicht nur das Wohlbefinden, sondern k\u00f6nnen langfristig zu schwerwiegenden Hautsch\u00e4den f\u00fchren. In einem solchen Fall durfte ich die BEMER-Therapie einsetzen, um die Regeneration der Haut zu f\u00f6rdern und den Heilungsprozess zu unterst\u00fctzen.<\/strong><\/h4><h4>Der Fall: Ein geplagtes Pferd mit Sommerexzem<\/h4><p>Das Pferd, eine 5-j\u00e4hrige Stute namens Saba, litt seit 2 Jahren unter einem ausgepr\u00e4gten Sommerexzem. Die Symptome waren stark: offene, entz\u00fcndete Hautstellen entlang des M\u00e4hnenkamms und Schweifr\u00fcbe, massiver Juckreiz und eine deutliche Unruhe, die das Tier vor allem im Sommer qu\u00e4lte. Trotz der bisherigen Behandlungen mit Salben und Nahrungserg\u00e4nzungsmitteln war die Heilung immer nur begrenzt und von R\u00fcckf\u00e4llen gepr\u00e4gt.<\/p><h4>Der Einsatz der BEMER-Therapie<\/h4><p>Um Saba nachhaltig zu unterst\u00fctzen, wurde die <strong>BEMER-Therapie<\/strong> in den Behandlungsplan integriert. Die sanften, pulsierenden elektromagnetischen Felder der BEMER-Therapie zielen darauf ab, die Mikrozirkulation zu f\u00f6rdern und damit die Zellversorgung zu verbessern.<\/p><p>Die Therapie wurde regelm\u00e4\u00dfig wie folgt angewendet:<\/p><ol><li><strong>T\u00e4gliche Sitzungen<\/strong> von 8 Minuten \u00fcber mehrere Wochen, mit Fokus auf den betroffenen Hautpartien.<\/li><li>Ziel war es, die Hautheilung zu f\u00f6rdern, Entz\u00fcndungen zu reduzieren und die k\u00f6rpereigenen Regenerationsprozesse zu aktivieren.<\/li><li>In Kombination mit einer verbesserten Ern\u00e4hrung und der Unterst\u00fctzung des Immunsystems (z. B. durch Kr\u00e4uter und hochwertige Fetts\u00e4uren) wurde der Heilungsprozess ganzheitlich begleitet.<\/li><\/ol><h4>Fortschritte und Ergebnisse<\/h4><p>Schon nach kurzer Zeit zeigte sich eine deutliche Verbesserung:<\/p><ul><li><strong>Reduzierter Juckreiz<\/strong>: Bella h\u00f6rte auf, sich exzessiv zu scheuern, und wirkte insgesamt entspannter.<\/li><li><strong>Abheilung der Haut<\/strong>: Die entz\u00fcndeten Stellen bildeten sich sichtbar zur\u00fcck, die Haut regenerierte sich schneller und war weniger gereizt.<\/li><li><strong>Weniger Entz\u00fcndungen<\/strong>: Durch die verbesserte Durchblutung konnten entz\u00fcndliche Prozesse deutlich reduziert werden.<\/li><\/ul><h4>Langfristige Wirkung<\/h4><p>Nach etwa 8 Wochen regelm\u00e4\u00dfiger Therapie hatte Saba nicht nur sichtbare Fortschritte gemacht, sondern zeigte auch eine verbesserte Lebensqualit\u00e4t. Der Sommer war f\u00fcr sie deutlich angenehmer, und ihre Haut blieb stabiler. Erg\u00e4nzend zur BEMER-Therapie wurden pr\u00e4ventive Ma\u00dfnahmen wie eine ausgewogene Ern\u00e4hrung und eine intensive Pflege der Haut weitergef\u00fchrt.<\/p><h4>Fazit<\/h4><p>Die BEMER-Therapie erwies sich als \u00e4u\u00dferst effektive Methode zur Unterst\u00fctzung von Bella bei ihrem Sommerexzem. Sie half nicht nur, die Symptome zu lindern, sondern f\u00f6rderte auch die langfristige Regeneration der Haut. Dank der verbesserten Mikrozirkulation konnte Bella wieder entspannter und mit mehr Lebensfreude durch den Sommer gehen.<\/p><p>Dieses Beispiel zeigt, dass die BEMER-Therapie auch bei chronischen Hauterkrankungen wie dem Sommerexzem ein wertvoller Baustein sein kann, um das Wohlbefinden und die Gesundheit des Pferdes zu verbessern.<\/p>\t\t\t\t\t\t\t\t<\/div>\n\t\t\t\t<\/div>\n\t\t\t\t<\/div>\n\t\t\t\t\t<\/div>\n\t\t\t\t<\/div>\n\t\t<div class=\"elementor-element elementor-element-02f61f5 e-grid e-con-boxed e-con e-parent\" data-id=\"02f61f5\" data-element_type=\"container\" data-e-type=\"container\">\n\t\t\t\t\t<div class=\"e-con-inner\">\n\t\t\t\t<div class=\"elementor-element elementor-element-f5c02ce elementor-widget elementor-widget-image\" data-id=\"f5c02ce\" data-element_type=\"widget\" data-e-type=\"widget\" data-widget_type=\"image.default\">\n\t\t\t\t<div class=\"elementor-widget-container\">\n\t\t\t\t\t\t\t\t\t\t\t\t\t\t\t<img fetchpriority=\"high\" decoding=\"async\" width=\"768\" height=\"1024\" src=\"https:\/\/www.humanvet.de\/wp-content\/uploads\/2025\/01\/saba-exem-geheilt-e1737923258314-768x1024.jpg\" class=\"attachment-petzen-service-image-custom-3x4 size-petzen-service-image-custom-3x4 wp-image-799\" alt=\"\" \/>\t\t\t\t\t\t\t\t\t\t\t\t\t\t\t<\/div>\n\t\t\t\t<\/div>\n\t\t\t\t<div class=\"elementor-element elementor-element-ffb9d06 elementor-widget elementor-widget-image\" data-id=\"ffb9d06\" data-element_type=\"widget\" data-e-type=\"widget\" data-widget_type=\"image.default\">\n\t\t\t\t<div class=\"elementor-widget-container\">\n\t\t\t\t\t\t\t\t\t\t\t\t\t\t\t<img decoding=\"async\" width=\"768\" height=\"1024\" src=\"https:\/\/www.humanvet.de\/wp-content\/uploads\/2025\/01\/sabaaexem-e1737923310209-768x1024.jpg\" class=\"attachment-petzen-service-image-custom-3x4 size-petzen-service-image-custom-3x4 wp-image-798\" alt=\"\" \/>\t\t\t\t\t\t\t\t\t\t\t\t\t\t\t<\/div>\n\t\t\t\t<\/div>\n\t\t\t\t\t<\/div>\n\t\t\t\t<\/div>\n\t\t\t\t<\/div>\n\t\t","protected":false},"excerpt":{"rendered":"<p>Ein Sommerexzem stellt f\u00fcr betroffene Pferde eine enorme Belastung dar. Juckreiz, entz\u00fcndete Haut und st\u00e4ndiges Scheuern mindern nicht nur das Wohlbefinden, sondern k\u00f6nnen langfristig zu schwerwiegenden Hautsch\u00e4den f\u00fchren. In einem solchen Fall durfte ich die BEMER-Therapie einsetzen, um die Regeneration der Haut zu f\u00f6rdern und den Heilungsprozess zu unterst\u00fctzen.<\/p>\n<div class=\"petzen-read-more-link\"><a class=\"more-link button-default\" href=\"https:\/\/www.humanvet.de\/index.php\/2025\/01\/20\/erfahrungsberichtpferdsaba\/\">Lese Mehr  &nbsp; <\/a><\/div>\n","protected":false},"author":1,"featured_media":802,"comment_status":"open","ping_status":"open","sticky":false,"template":"","format":"standard","meta":{"footnotes":""},"categories":[1],"tags":[],"class_list":["post-158","post","type-post","status-publish","format-standard","has-post-thumbnail","hentry","category-erfolgsberichte"],"_links":{"self":[{"href":"https:\/\/www.humanvet.de\/index.php\/wp-json\/wp\/v2\/posts\/158","targetHints":{"allow":["GET"]}}],"collection":[{"href":"https:\/\/www.humanvet.de\/index.php\/wp-json\/wp\/v2\/posts"}],"about":[{"href":"https:\/\/www.humanvet.de\/index.php\/wp-json\/wp\/v2\/types\/post"}],"author":[{"embeddable":true,"href":"https:\/\/www.humanvet.de\/index.php\/wp-json\/wp\/v2\/users\/1"}],"replies":[{"embeddable":true,"href":"https:\/\/www.humanvet.de\/index.php\/wp-json\/wp\/v2\/comments?post=158"}],"version-history":[{"count":26,"href":"https:\/\/www.humanvet.de\/index.php\/wp-json\/wp\/v2\/posts\/158\/revisions"}],"predecessor-version":[{"id":1182,"href":"https:\/\/www.humanvet.de\/index.php\/wp-json\/wp\/v2\/posts\/158\/revisions\/1182"}],"wp:featuredmedia":[{"embeddable":true,"href":"https:\/\/www.humanvet.de\/index.php\/wp-json\/wp\/v2\/media\/802"}],"wp:attachment":[{"href":"https:\/\/www.humanvet.de\/index.php\/wp-json\/wp\/v2\/media?parent=158"}],"wp:term":[{"taxonomy":"category","embeddable":true,"href":"https:\/\/www.humanvet.de\/index.php\/wp-json\/wp\/v2\/categories?post=158"},{"taxonomy":"post_tag","embeddable":true,"href":"https:\/\/www.humanvet.de\/index.php\/wp-json\/wp\/v2\/tags?post=158"}],"curies":[{"name":"wp","href":"https:\/\/api.w.org\/{rel}","templated":true}]}}