{"id":1462,"date":"2026-03-15T17:00:14","date_gmt":"2026-03-15T16:00:14","guid":{"rendered":"https:\/\/www.humanvet.de\/?p=1462"},"modified":"2026-03-15T17:10:34","modified_gmt":"2026-03-15T16:10:34","slug":"erfahrungsberichthundmaya","status":"publish","type":"post","link":"https:\/\/www.humanvet.de\/index.php\/2026\/03\/15\/erfahrungsberichthundmaya\/","title":{"rendered":"Erfahrungsbericht: Hund  Maya"},"content":{"rendered":"\t\t<div data-elementor-type=\"wp-post\" data-elementor-id=\"1462\" class=\"elementor elementor-1462\">\n\t\t\t\t<div class=\"elementor-element elementor-element-0e8523f e-flex e-con-boxed e-con e-parent\" data-id=\"0e8523f\" data-element_type=\"container\" data-e-type=\"container\">\n\t\t\t\t\t<div class=\"e-con-inner\">\n\t\t\t\t<div class=\"elementor-element elementor-element-be1f32e elementor-widget elementor-widget-heading\" data-id=\"be1f32e\" data-element_type=\"widget\" data-e-type=\"widget\" data-widget_type=\"heading.default\">\n\t\t\t\t<div class=\"elementor-widget-container\">\n\t\t\t\t\t<h2 class=\"elementor-heading-title elementor-size-default\">Erfahrungsbericht: Hund Maya<\/h2>\t\t\t\t<\/div>\n\t\t\t\t<\/div>\n\t\t\t\t\t<\/div>\n\t\t\t\t<\/div>\n\t\t<div class=\"elementor-element elementor-element-22e8df5 e-flex e-con-boxed e-con e-parent\" data-id=\"22e8df5\" data-element_type=\"container\" data-e-type=\"container\">\n\t\t\t\t\t<div class=\"e-con-inner\">\n\t\t\t\t<div class=\"elementor-element elementor-element-d9881d1 elementor-widget elementor-widget-text-editor\" data-id=\"d9881d1\" data-element_type=\"widget\" data-e-type=\"widget\" data-widget_type=\"text-editor.default\">\n\t\t\t\t<div class=\"elementor-widget-container\">\n\t\t\t\t\t\t\t\t\t<p class=\"isSelectedEnd\">Manche F\u00e4lle gehen einem einfach unter die Haut\u2026 \ud83d\udc3e<\/p><p class=\"isSelectedEnd\">Es geht um die 7 Monate alte Maya, eine Franz\u00f6sische Bulldogge.<br \/>Am Sonntagnachmittag bekam ich einen Anruf. Ein Mann fragte mich, ob ich eine Not-Tier\u00e4rztin sei. Ich erkl\u00e4rte ihm, dass ich Tierheilpraktikerin bin. Er erz\u00e4hlte mir, dass es um den Hund einer Familie gehe und es ihr sehr schlecht ginge.<\/p><p class=\"isSelectedEnd\">Ich sagte, ich k\u00f6nne mir Maya anschauen, allerdings erst sp\u00e4ter, da ich noch einen Termin hatte.<br \/>Um <strong>23:00 Uhr am Sonntagabend<\/strong> stand ich schlie\u00dflich bei der kleinen Maya.<\/p><p class=\"isSelectedEnd\">Ich sagte von Anfang an:<br \/><em>\u201eIch kann nichts versprechen \u2013 aber ich werde mein Bestes geben.\u201c<\/em><\/p><p class=\"isSelectedEnd\">Maya zeigte <strong>starke neurologische Probleme<\/strong>. Sie war orientierungslos und wir wussten nicht genau, was die Ursache war. M\u00f6gliche Gr\u00fcnde konnten Epilepsie, eine Gleichgewichtsst\u00f6rung, eine Organst\u00f6rung oder sogar ein Lebershunt sein.<\/p><p class=\"isSelectedEnd\">Ich begann sofort mit der Behandlung:<br \/>\u2728 Akupunktur<br \/>\u2728 Lasertherapie<br \/>\u2728 hom\u00f6opathische Unterst\u00fctzung<br \/>\u2728 weitere therapeutische Ma\u00dfnahmen<\/p><p class=\"isSelectedEnd\">Ein gro\u00dfes Problem war, dass Maya <strong>keinen Kot absetzen konnte<\/strong>. Wir arbeiteten viele Stunden und Tage daran, ihren K\u00f6rper zu unterst\u00fctzen.<\/p><p class=\"isSelectedEnd\">Dann kam endlich der Moment:<br \/><strong>Eines Morgens konnte sie Kot absetzen.<\/strong><br \/>Die Blockade war gel\u00f6st. \ud83d\ude4f<\/p><p class=\"isSelectedEnd\">In der Klinik stand zuvor sogar der Verdacht auf einen Darmverschluss im Raum. Zum Gl\u00fcck best\u00e4tigte sich dieser nicht.<\/p><p class=\"isSelectedEnd\">Ich begleitete die Besitzerin anschlie\u00dfend zu ihrer Tier\u00e4rztin \u2013 doch auch dort konnte niemand eine klare Ursache nennen.<\/p><p class=\"isSelectedEnd\">Daraufhin sagte ich:<br \/>\u201eBitte lass uns zu meiner Tier\u00e4rztin des Vertrauens gehen.\u201c<\/p><p class=\"isSelectedEnd\">Dort kam sofort die klare Einsch\u00e4tzung:<br \/><strong>Maya geh\u00f6rt in eine neurologische Spezialklinik.<\/strong><\/p><p class=\"isSelectedEnd\">Genau das ist manchmal der wichtigste Schritt \u2013 zu erkennen, wann ein Spezialist gebraucht wird.<\/p><p class=\"isSelectedEnd\">Heute ist Maya <strong>stabil<\/strong>.<br \/>Sie hat noch leichte Orientierungsst\u00f6rungen, aber sie kann wieder:<\/p><p class=\"isSelectedEnd\">\ud83d\udc3e spielen<br \/>\ud83d\udc3e fressen<br \/>\ud83d\udc3e trinken<br \/>\ud83d\udc3e Kot absetzen<\/p><p class=\"isSelectedEnd\">Und daf\u00fcr bin ich unglaublich dankbar. \u2764\ufe0f<\/p><p>Ein gro\u00dfes Dankesch\u00f6n an die Besitzerin f\u00fcr ihr Vertrauen.<br \/>Ich bin froh, dass ich Maya helfen durfte \u2013 und dass diese kleine Seele heute noch bei ihrer Familie ist.<\/p>\t\t\t\t\t\t\t\t<\/div>\n\t\t\t\t<\/div>\n\t\t\t\t\t<\/div>\n\t\t\t\t<\/div>\n\t\t<div class=\"elementor-element elementor-element-52f0056 e-flex e-con-boxed e-con e-parent\" data-id=\"52f0056\" data-element_type=\"container\" data-e-type=\"container\">\n\t\t\t\t\t<div class=\"e-con-inner\">\n\t\t\t\t<div class=\"elementor-element elementor-element-4cb9508 elementor-widget elementor-widget-image\" data-id=\"4cb9508\" data-element_type=\"widget\" data-e-type=\"widget\" data-widget_type=\"image.default\">\n\t\t\t\t<div class=\"elementor-widget-container\">\n\t\t\t\t\t\t\t\t\t\t\t\t\t\t\t<img fetchpriority=\"high\" decoding=\"async\" width=\"640\" height=\"853\" src=\"https:\/\/www.humanvet.de\/wp-content\/uploads\/2026\/03\/akupunktur-hund-768x1024.jpeg\" class=\"attachment-large size-large wp-image-1341\" alt=\"\" srcset=\"https:\/\/www.humanvet.de\/wp-content\/uploads\/2026\/03\/akupunktur-hund-768x1024.jpeg 768w, https:\/\/www.humanvet.de\/wp-content\/uploads\/2026\/03\/akupunktur-hund-225x300.jpeg 225w, https:\/\/www.humanvet.de\/wp-content\/uploads\/2026\/03\/akupunktur-hund-1152x1536.jpeg 1152w, https:\/\/www.humanvet.de\/wp-content\/uploads\/2026\/03\/akupunktur-hund-700x933.jpeg 700w, https:\/\/www.humanvet.de\/wp-content\/uploads\/2026\/03\/akupunktur-hund.jpeg 1536w\" sizes=\"(max-width: 640px) 100vw, 640px\" \/>\t\t\t\t\t\t\t\t\t\t\t\t\t\t\t<\/div>\n\t\t\t\t<\/div>\n\t\t\t\t\t<\/div>\n\t\t\t\t<\/div>\n\t\t\t\t<\/div>\n\t\t","protected":false},"excerpt":{"rendered":"<p>Erfahrungsbericht: Hund Maya Manche F\u00e4lle gehen einem einfach unter die Haut\u2026 \ud83d\udc3e Es geht um die 7 Monate alte Maya, eine Franz\u00f6sische Bulldogge.Am Sonntagnachmittag bekam ich einen Anruf. Ein Mann fragte mich, ob ich eine Not-Tier\u00e4rztin sei. Ich erkl\u00e4rte ihm, dass ich Tierheilpraktikerin bin. Er erz\u00e4hlte mir, dass es um den Hund einer Familie gehe<\/p>\n<div class=\"petzen-read-more-link\"><a class=\"more-link button-default\" href=\"https:\/\/www.humanvet.de\/index.php\/2026\/03\/15\/erfahrungsberichthundmaya\/\">Lese Mehr  &nbsp; <\/a><\/div>\n","protected":false},"author":1,"featured_media":1347,"comment_status":"open","ping_status":"open","sticky":false,"template":"","format":"standard","meta":{"footnotes":""},"categories":[1],"tags":[],"class_list":["post-1462","post","type-post","status-publish","format-standard","has-post-thumbnail","hentry","category-erfolgsberichte"],"_links":{"self":[{"href":"https:\/\/www.humanvet.de\/index.php\/wp-json\/wp\/v2\/posts\/1462","targetHints":{"allow":["GET"]}}],"collection":[{"href":"https:\/\/www.humanvet.de\/index.php\/wp-json\/wp\/v2\/posts"}],"about":[{"href":"https:\/\/www.humanvet.de\/index.php\/wp-json\/wp\/v2\/types\/post"}],"author":[{"embeddable":true,"href":"https:\/\/www.humanvet.de\/index.php\/wp-json\/wp\/v2\/users\/1"}],"replies":[{"embeddable":true,"href":"https:\/\/www.humanvet.de\/index.php\/wp-json\/wp\/v2\/comments?post=1462"}],"version-history":[{"count":9,"href":"https:\/\/www.humanvet.de\/index.php\/wp-json\/wp\/v2\/posts\/1462\/revisions"}],"predecessor-version":[{"id":1476,"href":"https:\/\/www.humanvet.de\/index.php\/wp-json\/wp\/v2\/posts\/1462\/revisions\/1476"}],"wp:featuredmedia":[{"embeddable":true,"href":"https:\/\/www.humanvet.de\/index.php\/wp-json\/wp\/v2\/media\/1347"}],"wp:attachment":[{"href":"https:\/\/www.humanvet.de\/index.php\/wp-json\/wp\/v2\/media?parent=1462"}],"wp:term":[{"taxonomy":"category","embeddable":true,"href":"https:\/\/www.humanvet.de\/index.php\/wp-json\/wp\/v2\/categories?post=1462"},{"taxonomy":"post_tag","embeddable":true,"href":"https:\/\/www.humanvet.de\/index.php\/wp-json\/wp\/v2\/tags?post=1462"}],"curies":[{"name":"wp","href":"https:\/\/api.w.org\/{rel}","templated":true}]}}